{"id":85,"date":"2024-10-04T22:16:06","date_gmt":"2024-10-04T20:16:06","guid":{"rendered":"http:\/\/gestalj.cluster027.hosting.ovh.net\/?p=85"},"modified":"2026-02-01T20:33:40","modified_gmt":"2026-02-01T19:33:40","slug":"therapieangebot","status":"publish","type":"post","link":"https:\/\/www.gestalttherapiekoeln.de\/index.php\/2024\/10\/04\/therapieangebot\/","title":{"rendered":"Gestalttherapie"},"content":{"rendered":"\n<p class=\"has-black-color has-text-color has-link-color wp-elements-182b9968eb57c2fe554a73af42ad07b3\">Sie suchen Unterst\u00fctzung in einer Lebensphase, die sich gerade nicht leicht anf\u00fchlt? Ich begleite&nbsp;<strong>Erwachsene und junge Erwachsene<\/strong>, besonders&nbsp;<strong>Expats<\/strong>, in \u00dcberg\u00e4ngen und Krisen in diesen Situationen:<\/p>\n\n\n\n<p>\u2022 Konflikten in Partnerschaft, Familie oder mit Kindern<\/p>\n\n\n\n<p>\u2022 Ankommen und Neuorientierung im Ausland<\/p>\n\n\n\n<p>\u2022 Trennung, Scheidung, Neuanfang<\/p>\n\n\n\n<p>\u2022 Selbstwertgef\u00fchl, Scham<\/p>\n\n\n\n<p>\u2022 Stress, Ersch\u00f6pfung, Burnout<\/p>\n\n\n\n<p>\u2022 Stabilisierung nach belastenden Ereignissen&nbsp;<\/p>\n\n\n\n<p>\u2022 Entspannung &amp; St\u00e4rkung des Nervensystems&nbsp;<\/p>\n\n\n\n<p>Ich begleite Sie erfahren in Ihrem Prozess<\/p>\n\n\n\n<p>\u2026 Ihre Gedanken und Verhaltensmuster bewusster wahrzunehmen.<\/p>\n\n\n\n<p>\u2026 Ihre Gef\u00fchle, Bed\u00fcrfnisse und Grenzen zu erforschen und auszudr\u00fccken.<\/p>\n\n\n\n<p>\u2026 auf Ihre K\u00f6rpersignale zu h\u00f6ren und Selbstsorge in Ihren Alltag zu integrieren.<\/p>\n\n\n\n<p>\u2026 sich Ihrer Wurzeln bewusst zu werden.<\/p>\n\n\n\n<p>\u2026 n\u00e4hrende Beziehungen zu leben.<\/p>\n\n\n\n<p><strong>Im Erstgespr\u00e4ch<\/strong>&nbsp;kl\u00e4ren wir zusammen, was Sie zur Zeit bewegt, was Sie von einer Therapie erwarten und was Sie brauchen, um sich besser zu f\u00fchlen. In einer wertsch\u00e4tzenden Atmosph\u00e4re k\u00f6nnen Konflikte beleuchtet, eigene Strukturen neu \u00fcberdacht und mit gest\u00e4rktem Selbstvertrauen gel\u00f6st werden.<\/p>\n\n\n\n<p>Ich arbeite mit der gestalttherapeutischen Methode, die Gespr\u00e4che, K\u00f6rperwahrnehmung, St\u00e4rkung des Nervensystems, Ressourcenst\u00e4rkung, kreativen Ausdruck, Rollenspiele und Entspannung beinhaltet.<\/p>\n\n\n\n<figure class=\"wp-block-image\"><img loading=\"lazy\" decoding=\"async\" width=\"960\" height=\"720\" src=\"https:\/\/www.gestalttherapiekoeln.de\/wp-content\/uploads\/2024\/10\/241236400_2642585016045719_2706513975148890827_n.jpg\" alt=\"\" class=\"wp-image-136\" srcset=\"https:\/\/www.gestalttherapiekoeln.de\/wp-content\/uploads\/2024\/10\/241236400_2642585016045719_2706513975148890827_n.jpg 960w, https:\/\/www.gestalttherapiekoeln.de\/wp-content\/uploads\/2024\/10\/241236400_2642585016045719_2706513975148890827_n-300x225.jpg 300w, https:\/\/www.gestalttherapiekoeln.de\/wp-content\/uploads\/2024\/10\/241236400_2642585016045719_2706513975148890827_n-768x576.jpg 768w\" sizes=\"auto, (max-width: 767px) 89vw, (max-width: 1000px) 54vw, (max-width: 1071px) 543px, 580px\" \/><\/figure>\n\n\n\n<h2 class=\"wp-block-heading\">KONTAKT<\/h2>\n\n\n\n<p>Anabel Beyer de Morant<\/p>\n\n\n\n<p>Praxis f\u00fcr Gestalttherapie<\/p>\n\n\n\n<p>Rondorfer Hauptstrasse 47b<\/p>\n\n\n\n<p>50997 K\u00f6ln<\/p>\n\n\n\n<p>Mobil:&nbsp;<a href=\"tel:+49 152 09060015\">+49 152 09060015<\/a><\/p>\n\n\n\n<p><strong>Termine nach pers\u00f6nlicher Vereinbarung<\/strong><\/p>\n\n\n\n<h2 class=\"wp-block-heading\">RECHERCHER<\/h2>\n\n\n\n<p>Recherche pour :Recherche<\/p>\n\n\n\n<h2 class=\"wp-block-heading\">\u00c0 PROPOS DE CE SITE<\/h2>\n\n\n\n<p class=\"has-black-color has-text-color has-link-color wp-elements-5145dced74abe7342eb41b62d92aa1ce\">C\u2019est peut-\u00eatre le bon endroit pour vous pr\u00e9senter et votre site ou ins\u00e9rer quelques cr\u00e9dits.Sie suchen Unterst\u00fctzung in einer Lebensphase, die sich gerade nicht leicht anf\u00fchlt? Ich begleite <strong>Erwachsene und junge Erwachsene<\/strong>, besonders <strong>Expats<\/strong>, in \u00dcberg\u00e4ngen und Krisen in diesen Situationen:<\/p>\n\n\n\n<p class=\"has-black-color has-text-color has-link-color wp-elements-15f185eaef482b5a8b6555067c9134f4\">\u2022 Konflikten in Partnerschaft, Familie oder mit Kindern<\/p>\n\n\n\n<p class=\"has-black-color has-text-color has-link-color wp-elements-cc159326cc911f6f01987f8f73f409ef\">\u2022 Ankommen und Neuorientierung im Ausland<\/p>\n\n\n\n<p>\u2022 Trennung, Scheidung, Neuanfang<\/p>\n\n\n\n<p>\u2022 Selbstwertgef\u00fchl, Scham<\/p>\n\n\n\n<p>\u2022 Stress, Ersch\u00f6pfung, Burnout<\/p>\n\n\n\n<p>\u2022 Stabilisierung nach belastenden Ereignissen&nbsp;<\/p>\n\n\n\n<p class=\"has-black-color has-text-color has-link-color wp-elements-7b7e5dd35b727d8fc2757a5ac6427ffa\">\u2022 Entspannung &amp; St\u00e4rkung des Nervensystems&nbsp;<\/p>\n\n\n\n<div class=\"wp-block-group\"><div class=\"wp-block-group__inner-container is-layout-constrained wp-block-group-is-layout-constrained\">\n<p><\/p>\n\n\n\n<p><\/p>\n\n\n\n<p class=\"has-text-align-left\"><\/p>\n\n\n\n<p><\/p>\n\n\n\n<p><\/p>\n\n\n\n<p><\/p>\n\n\n\n<p><\/p>\n\n\n\n<p><\/p>\n\n\n\n<p><\/p>\n\n\n\n<p>Ich begleite Sie erfahren in Ihrem Prozess<\/p>\n\n\n\n<p>\u2026 Ihre Gedanken und Verhaltensmuster bewusster wahrzunehmen.<\/p>\n\n\n\n<p>\u2026 Ihre Gef\u00fchle, Bed\u00fcrfnisse und Grenzen zu erforschen und auszudr\u00fccken.<\/p>\n\n\n\n<p>\u2026 auf Ihre K\u00f6rpersignale zu h\u00f6ren und Selbstsorge in Ihren Alltag zu integrieren.<\/p>\n\n\n\n<p>\u2026 sich Ihrer Wurzeln bewusst zu werden.<\/p>\n\n\n\n<p>\u2026 n\u00e4hrende Beziehungen zu leben.<\/p>\n\n\n\n<p><strong>Im Erstgespr\u00e4ch<\/strong> kl\u00e4ren wir zusammen, was Sie zur Zeit bewegt, was Sie von einer Therapie erwarten und was Sie brauchen, um sich besser zu f\u00fchlen. In einer wertsch\u00e4tzenden Atmosph\u00e4re k\u00f6nnen Konflikte beleuchtet, eigene Strukturen neu \u00fcberdacht und mit gest\u00e4rktem Selbstvertrauen gel\u00f6st werden.<\/p>\n<\/div><\/div>\n\n\n\n<p>Ich arbeite mit der gestalttherapeutischen Methode, die Gespr\u00e4che, K\u00f6rperwahrnehmung, St\u00e4rkung des Nervensystems, Ressourcenst\u00e4rkung, kreativen Ausdruck, Rollenspiele und Entspannung beinhaltet.<\/p>\n\n\n\n<figure class=\"wp-block-image size-full\"><img loading=\"lazy\" decoding=\"async\" width=\"960\" height=\"720\" src=\"https:\/\/www.gestalttherapiekoeln.de\/wp-content\/uploads\/2024\/10\/241236400_2642585016045719_2706513975148890827_n.jpg\" alt=\"\" class=\"wp-image-136\" srcset=\"https:\/\/www.gestalttherapiekoeln.de\/wp-content\/uploads\/2024\/10\/241236400_2642585016045719_2706513975148890827_n.jpg 960w, https:\/\/www.gestalttherapiekoeln.de\/wp-content\/uploads\/2024\/10\/241236400_2642585016045719_2706513975148890827_n-300x225.jpg 300w, https:\/\/www.gestalttherapiekoeln.de\/wp-content\/uploads\/2024\/10\/241236400_2642585016045719_2706513975148890827_n-768x576.jpg 768w\" sizes=\"auto, (max-width: 767px) 89vw, (max-width: 1000px) 54vw, (max-width: 1071px) 543px, 580px\" \/><\/figure>\n","protected":false},"excerpt":{"rendered":"<p>Sie suchen Unterst\u00fctzung in einer Lebensphase, die sich gerade nicht leicht anf\u00fchlt? Ich begleite&nbsp;Erwachsene und junge Erwachsene, besonders&nbsp;Expats, in \u00dcberg\u00e4ngen und Krisen in diesen Situationen: \u2022 Konflikten in Partnerschaft, Familie oder mit Kindern \u2022 Ankommen und Neuorientierung im Ausland \u2022 Trennung, Scheidung, Neuanfang \u2022 Selbstwertgef\u00fchl, Scham \u2022 Stress, Ersch\u00f6pfung, Burnout \u2022 Stabilisierung nach belastenden Ereignissen&nbsp; &hellip; <\/p>\n<p class=\"link-more\"><a href=\"https:\/\/www.gestalttherapiekoeln.de\/index.php\/2024\/10\/04\/therapieangebot\/\" class=\"more-link\"><span class=\"screen-reader-text\">\u201eGestalttherapie\u201c<\/span> weiterlesen<\/a><\/p>\n","protected":false},"author":1,"featured_media":0,"comment_status":"open","ping_status":"open","sticky":false,"template":"","format":"standard","meta":{"footnotes":""},"categories":[4],"tags":[],"class_list":["post-85","post","type-post","status-publish","format-standard","hentry","category-therapieangebot"],"_links":{"self":[{"href":"https:\/\/www.gestalttherapiekoeln.de\/index.php\/wp-json\/wp\/v2\/posts\/85","targetHints":{"allow":["GET"]}}],"collection":[{"href":"https:\/\/www.gestalttherapiekoeln.de\/index.php\/wp-json\/wp\/v2\/posts"}],"about":[{"href":"https:\/\/www.gestalttherapiekoeln.de\/index.php\/wp-json\/wp\/v2\/types\/post"}],"author":[{"embeddable":true,"href":"https:\/\/www.gestalttherapiekoeln.de\/index.php\/wp-json\/wp\/v2\/users\/1"}],"replies":[{"embeddable":true,"href":"https:\/\/www.gestalttherapiekoeln.de\/index.php\/wp-json\/wp\/v2\/comments?post=85"}],"version-history":[{"count":33,"href":"https:\/\/www.gestalttherapiekoeln.de\/index.php\/wp-json\/wp\/v2\/posts\/85\/revisions"}],"predecessor-version":[{"id":496,"href":"https:\/\/www.gestalttherapiekoeln.de\/index.php\/wp-json\/wp\/v2\/posts\/85\/revisions\/496"}],"wp:attachment":[{"href":"https:\/\/www.gestalttherapiekoeln.de\/index.php\/wp-json\/wp\/v2\/media?parent=85"}],"wp:term":[{"taxonomy":"category","embeddable":true,"href":"https:\/\/www.gestalttherapiekoeln.de\/index.php\/wp-json\/wp\/v2\/categories?post=85"},{"taxonomy":"post_tag","embeddable":true,"href":"https:\/\/www.gestalttherapiekoeln.de\/index.php\/wp-json\/wp\/v2\/tags?post=85"}],"curies":[{"name":"wp","href":"https:\/\/api.w.org\/{rel}","templated":true}]}}